{"id":921,"date":"2016-10-06T15:11:25","date_gmt":"2016-10-06T15:11:25","guid":{"rendered":"http:\/\/www.ahbvpf.pt\/?p=921"},"modified":"2017-10-16T08:50:27","modified_gmt":"2017-10-16T08:50:27","slug":"bombeiros-recebem-doacao-conjunta","status":"publish","type":"post","link":"https:\/\/www.ahbvpf.pt\/?p=921","title":{"rendered":"Bombeiros recebem doa\u00e7\u00e3o conjunta!"},"content":{"rendered":"<p>Os Bombeiros Volunt\u00e1rios de Pa\u00e7os de Ferreira receberam, no passado dia 4, a visita do s\u00f3cio gerente da empresa 100Metros, Duarte Dias, e do s\u00f3cio gerente da empresa Euronics, Artur Costa, para uma doa\u00e7\u00e3o conjunta.<br \/>\nNesta visita, foram oferecidas por aquelas entidades 30 lancheiras que v\u00eam proporcionar melhores condi\u00e7\u00f5es na qualidade de servi\u00e7o de refei\u00e7\u00f5es servidas por esta corpora\u00e7\u00e3o aos nossos bombeiros em ambiente operacional, particularmente em inc\u00eandios florestais.<br \/>\nDeste modo, agradecemos a prontid\u00e3o e disponibilidade garantida, assim como o reconhecimento e apre\u00e7o expressos ao trabalho por n\u00f3s desenvolvido durante o per\u00edodo cr\u00edtico de inc\u00eandio florestais.<\/p>\n\n\t\t<style type=\"text\/css\">\n\t\t\t#gallery-1 {\n\t\t\t\tmargin: auto;\n\t\t\t}\n\t\t\t#gallery-1 .gallery-item {\n\t\t\t\tfloat: left;\n\t\t\t\tmargin-top: 10px;\n\t\t\t\ttext-align: center;\n\t\t\t\twidth: 50%;\n\t\t\t}\n\t\t\t#gallery-1 img {\n\t\t\t\tborder: 2px solid #cfcfcf;\n\t\t\t}\n\t\t\t#gallery-1 .gallery-caption {\n\t\t\t\tmargin-left: 0;\n\t\t\t}\n\t\t\t\/* see gallery_shortcode() in wp-includes\/media.php *\/\n\t\t<\/style>\n\t\t<div id='gallery-1' class='gallery galleryid-921 gallery-columns-2 gallery-size-large'><dl class='gallery-item'>\n\t\t\t<dt class='gallery-icon landscape'>\n\t\t\t\t<a href='https:\/\/www.ahbvpf.pt\/?attachment_id=3439'><img loading=\"lazy\" decoding=\"async\" width=\"1024\" height=\"768\" src=\"https:\/\/www.ahbvpf.pt\/wp-content\/uploads\/2015\/11\/06out2016_1-1024x768.jpg\" class=\"attachment-large size-large\" alt=\"\" srcset=\"https:\/\/www.ahbvpf.pt\/wp-content\/uploads\/2015\/11\/06out2016_1-1024x768.jpg 1024w, https:\/\/www.ahbvpf.pt\/wp-content\/uploads\/2015\/11\/06out2016_1-300x225.jpg 300w, https:\/\/www.ahbvpf.pt\/wp-content\/uploads\/2015\/11\/06out2016_1-768x576.jpg 768w, https:\/\/www.ahbvpf.pt\/wp-content\/uploads\/2015\/11\/06out2016_1.jpg 1140w\" sizes=\"auto, (max-width: 1024px) 100vw, 1024px\" \/><\/a>\n\t\t\t<\/dt><\/dl><dl class='gallery-item'>\n\t\t\t<dt class='gallery-icon landscape'>\n\t\t\t\t<a href='https:\/\/www.ahbvpf.pt\/?attachment_id=3440'><img loading=\"lazy\" decoding=\"async\" width=\"1024\" height=\"768\" src=\"https:\/\/www.ahbvpf.pt\/wp-content\/uploads\/2015\/11\/06out2016_2-1024x768.jpg\" class=\"attachment-large size-large\" alt=\"\" srcset=\"https:\/\/www.ahbvpf.pt\/wp-content\/uploads\/2015\/11\/06out2016_2-1024x768.jpg 1024w, https:\/\/www.ahbvpf.pt\/wp-content\/uploads\/2015\/11\/06out2016_2-300x225.jpg 300w, https:\/\/www.ahbvpf.pt\/wp-content\/uploads\/2015\/11\/06out2016_2-768x576.jpg 768w, https:\/\/www.ahbvpf.pt\/wp-content\/uploads\/2015\/11\/06out2016_2.jpg 1140w\" sizes=\"auto, (max-width: 1024px) 100vw, 1024px\" \/><\/a>\n\t\t\t<\/dt><\/dl><br style=\"clear: both\" \/>\n\t\t<\/div>\n\n","protected":false},"excerpt":{"rendered":"<p>Os Bombeiros Volunt\u00e1rios de Pa\u00e7os de Ferreira receberam, no passado dia 4, a visita do s\u00f3cio gerente da empresa 100Metros, Duarte Dias, e do s\u00f3cio gerente da empresa Euronics, Artur [&hellip;]<\/p>\n","protected":false},"author":1,"featured_media":3439,"comment_status":"closed","ping_status":"open","sticky":false,"template":"","format":"standard","meta":{"footnotes":""},"categories":[70],"tags":[],"class_list":["post-921","post","type-post","status-publish","format-standard","has-post-thumbnail","hentry","category-noticias"],"_links":{"self":[{"href":"https:\/\/www.ahbvpf.pt\/index.php?rest_route=\/wp\/v2\/posts\/921","targetHints":{"allow":["GET"]}}],"collection":[{"href":"https:\/\/www.ahbvpf.pt\/index.php?rest_route=\/wp\/v2\/posts"}],"about":[{"href":"https:\/\/www.ahbvpf.pt\/index.php?rest_route=\/wp\/v2\/types\/post"}],"author":[{"embeddable":true,"href":"https:\/\/www.ahbvpf.pt\/index.php?rest_route=\/wp\/v2\/users\/1"}],"replies":[{"embeddable":true,"href":"https:\/\/www.ahbvpf.pt\/index.php?rest_route=%2Fwp%2Fv2%2Fcomments&post=921"}],"version-history":[{"count":5,"href":"https:\/\/www.ahbvpf.pt\/index.php?rest_route=\/wp\/v2\/posts\/921\/revisions"}],"predecessor-version":[{"id":3438,"href":"https:\/\/www.ahbvpf.pt\/index.php?rest_route=\/wp\/v2\/posts\/921\/revisions\/3438"}],"wp:featuredmedia":[{"embeddable":true,"href":"https:\/\/www.ahbvpf.pt\/index.php?rest_route=\/wp\/v2\/media\/3439"}],"wp:attachment":[{"href":"https:\/\/www.ahbvpf.pt\/index.php?rest_route=%2Fwp%2Fv2%2Fmedia&parent=921"}],"wp:term":[{"taxonomy":"category","embeddable":true,"href":"https:\/\/www.ahbvpf.pt\/index.php?rest_route=%2Fwp%2Fv2%2Fcategories&post=921"},{"taxonomy":"post_tag","embeddable":true,"href":"https:\/\/www.ahbvpf.pt\/index.php?rest_route=%2Fwp%2Fv2%2Ftags&post=921"}],"curies":[{"name":"wp","href":"https:\/\/api.w.org\/{rel}","templated":true}]}}