{"id":918,"date":"2016-03-23T15:11:02","date_gmt":"2016-03-23T15:11:02","guid":{"rendered":"http:\/\/www.ahbvpf.pt\/?p=918"},"modified":"2017-10-16T08:50:27","modified_gmt":"2017-10-16T08:50:27","slug":"bombeiros-fazem-parto","status":"publish","type":"post","link":"https:\/\/www.ahbvpf.pt\/?p=918","title":{"rendered":"Bombeiros fazem parto"},"content":{"rendered":"<p>No passado Domingo, pelas 3:45h da manh\u00e3, surge uma chamada de emerg\u00eancia para a freguesia de Ferreira \u00e0 qual dois dos nossos bombeiros responderam, tornando-se anfitri\u00f5es da hist\u00f3ria do nascimento de um beb\u00e9.<br \/>\nH\u00e9lder Teles, bombeiro de2\u00aa, e Patr\u00edcia Couto, bombeira de 3\u00aa, ap\u00f3s chegarem a casa da v\u00edtima encontram um feminino que manifesta fortes dores de barriga. De imediato iniciaram o exame cl\u00ednico, deparando-se com o nascimento de um beb\u00e9. \u201cJ\u00e1 nasceu\u201d, foi a deixa da bombeira de 21 anos para identificar a ocorr\u00eancia como um parto. Agindo em conformidade com a situa\u00e7\u00e3o, efectuaram o transporte dando entrada no Centro Hospitalar T\u00e2mega e Sousa com m\u00e3e e filha em situa\u00e7\u00e3o est\u00e1vel.<br \/>\nOs socorristas relatam a experi\u00eancia como uma \u00fanica e inesquec\u00edvel que marca a carreira enquanto bombeiros.<\/p>\n","protected":false},"excerpt":{"rendered":"<p>No passado Domingo, pelas 3:45h da manh\u00e3, surge uma chamada de emerg\u00eancia para a freguesia de Ferreira \u00e0 qual dois dos nossos bombeiros responderam, tornando-se anfitri\u00f5es da hist\u00f3ria do nascimento [&hellip;]<\/p>\n","protected":false},"author":1,"featured_media":3452,"comment_status":"closed","ping_status":"open","sticky":false,"template":"","format":"standard","meta":{"footnotes":""},"categories":[70],"tags":[],"class_list":["post-918","post","type-post","status-publish","format-standard","has-post-thumbnail","hentry","category-noticias"],"_links":{"self":[{"href":"https:\/\/www.ahbvpf.pt\/index.php?rest_route=\/wp\/v2\/posts\/918","targetHints":{"allow":["GET"]}}],"collection":[{"href":"https:\/\/www.ahbvpf.pt\/index.php?rest_route=\/wp\/v2\/posts"}],"about":[{"href":"https:\/\/www.ahbvpf.pt\/index.php?rest_route=\/wp\/v2\/types\/post"}],"author":[{"embeddable":true,"href":"https:\/\/www.ahbvpf.pt\/index.php?rest_route=\/wp\/v2\/users\/1"}],"replies":[{"embeddable":true,"href":"https:\/\/www.ahbvpf.pt\/index.php?rest_route=%2Fwp%2Fv2%2Fcomments&post=918"}],"version-history":[{"count":3,"href":"https:\/\/www.ahbvpf.pt\/index.php?rest_route=\/wp\/v2\/posts\/918\/revisions"}],"predecessor-version":[{"id":3789,"href":"https:\/\/www.ahbvpf.pt\/index.php?rest_route=\/wp\/v2\/posts\/918\/revisions\/3789"}],"wp:featuredmedia":[{"embeddable":true,"href":"https:\/\/www.ahbvpf.pt\/index.php?rest_route=\/wp\/v2\/media\/3452"}],"wp:attachment":[{"href":"https:\/\/www.ahbvpf.pt\/index.php?rest_route=%2Fwp%2Fv2%2Fmedia&parent=918"}],"wp:term":[{"taxonomy":"category","embeddable":true,"href":"https:\/\/www.ahbvpf.pt\/index.php?rest_route=%2Fwp%2Fv2%2Fcategories&post=918"},{"taxonomy":"post_tag","embeddable":true,"href":"https:\/\/www.ahbvpf.pt\/index.php?rest_route=%2Fwp%2Fv2%2Ftags&post=918"}],"curies":[{"name":"wp","href":"https:\/\/api.w.org\/{rel}","templated":true}]}}