{"id":771,"date":"2015-08-16T11:23:31","date_gmt":"2015-08-16T11:23:31","guid":{"rendered":"http:\/\/church.dv.ancorathemes.com\/?p=771"},"modified":"2017-10-20T09:34:38","modified_gmt":"2017-10-20T09:34:38","slug":"manha-de-celebracoes","status":"publish","type":"post","link":"https:\/\/www.ahbvpf.pt\/?p=771","title":{"rendered":"Manh\u00e3 de celebra\u00e7\u00f5es"},"content":{"rendered":"<article class=\"post post-list post-type-text devider-top devider-margin-medium\">\n<div class=\"post-content\">\n<div class=\"content-right\">\n<div class=\"text\">\n<p>O Domingo come\u00e7ou da melhor forma para a Corpora\u00e7\u00e3o e, em consequente, para a comunidade pacense. Atrav\u00e9s de uma formatura geral composta por v\u00e1rios momentos que lhe damos a conhecer assim como carregada de emo\u00e7\u00f5es.<br \/>\nEm primeiro lugar, dois recentes ve\u00edculos adquiridos (ABTM e ABTD) que permitem maior comodidade no transporte di\u00e1rio de doentes n\u00e3o urgentes foram aben\u00e7oados pelo Padre H\u00e9lder Barbosa.<br \/>\nEm segundo, foram conhecidos os 12 estagi\u00e1rios que passam a bombeiros de 3\u00aa. J\u00e1 feito o juramento no dia do 84\u00ba anivers\u00e1rio da corpora\u00e7\u00e3o, recebem agora as divisas que representam o novo posto, os capacetes com respectivo n\u00famero interno e o Equipamento de Protec\u00e7\u00e3o Individual Florestal para que o Ver\u00e3o seja finalizado com o apoio destes no terreno florestal.<br \/>\nAs mais recentes obras efectuadas no quartel para coloca\u00e7\u00e3o de port\u00f5es no parque de viaturas, permite maior rapidez de execu\u00e7\u00e3o da nossa miss\u00e3o deixando-nos com orgulho de os mostrar e de referir tal investimento.<br \/>\nFoi, ainda, saliente a aquisi\u00e7\u00e3o de novos Equipamentos de Protec\u00e7\u00e3o Individual Florestal para todos os elementos do corpo activo com o apoio da Comunidade Intermunicipal (CIM), da Autoridade Nacional de Protec\u00e7\u00e3o Civil (ANPC) e, ainda, da pr\u00f3pria direc\u00e7\u00e3o da corpora\u00e7\u00e3o que colmato a falta de 40 EPI.<br \/>\nAgradecemos a todos os que fizeram parte desta manh\u00e3 de boas not\u00edcias e esper\u00e1mos continuar a contar consigo.<br \/>\nTudo isto por n\u00f3s e pelo concelho!<\/p>\n<\/div>\n<\/div>\n<\/div>\n<\/article>\n<article class=\"post post-list post-type-text devider-top devider-margin-small\">\n<div class=\"post-heading\">\n\n\t\t<style type=\"text\/css\">\n\t\t\t#gallery-1 {\n\t\t\t\tmargin: auto;\n\t\t\t}\n\t\t\t#gallery-1 .gallery-item {\n\t\t\t\tfloat: left;\n\t\t\t\tmargin-top: 10px;\n\t\t\t\ttext-align: center;\n\t\t\t\twidth: 33%;\n\t\t\t}\n\t\t\t#gallery-1 img {\n\t\t\t\tborder: 2px solid #cfcfcf;\n\t\t\t}\n\t\t\t#gallery-1 .gallery-caption {\n\t\t\t\tmargin-left: 0;\n\t\t\t}\n\t\t\t\/* see gallery_shortcode() in wp-includes\/media.php *\/\n\t\t<\/style>\n\t\t<div id='gallery-1' class='gallery galleryid-771 gallery-columns-3 gallery-size-thumbnail'><dl class='gallery-item'>\n\t\t\t<dt class='gallery-icon landscape'>\n\t\t\t\t<a href='https:\/\/www.ahbvpf.pt\/?attachment_id=3482'><img loading=\"lazy\" decoding=\"async\" width=\"150\" height=\"150\" src=\"https:\/\/www.ahbvpf.pt\/wp-content\/uploads\/2015\/08\/15ago2015_1-150x150.jpg\" class=\"attachment-thumbnail size-thumbnail\" alt=\"\" \/><\/a>\n\t\t\t<\/dt><\/dl><dl class='gallery-item'>\n\t\t\t<dt class='gallery-icon landscape'>\n\t\t\t\t<a href='https:\/\/www.ahbvpf.pt\/?attachment_id=3483'><img loading=\"lazy\" decoding=\"async\" width=\"150\" height=\"150\" src=\"https:\/\/www.ahbvpf.pt\/wp-content\/uploads\/2015\/08\/15ago2015_2-150x150.jpg\" class=\"attachment-thumbnail size-thumbnail\" alt=\"\" \/><\/a>\n\t\t\t<\/dt><\/dl><dl class='gallery-item'>\n\t\t\t<dt class='gallery-icon landscape'>\n\t\t\t\t<a href='https:\/\/www.ahbvpf.pt\/?attachment_id=3484'><img loading=\"lazy\" decoding=\"async\" width=\"150\" height=\"150\" src=\"https:\/\/www.ahbvpf.pt\/wp-content\/uploads\/2015\/08\/15ago2015_3-150x150.jpg\" class=\"attachment-thumbnail size-thumbnail\" alt=\"\" \/><\/a>\n\t\t\t<\/dt><\/dl><br style=\"clear: both\" \/><dl class='gallery-item'>\n\t\t\t<dt class='gallery-icon landscape'>\n\t\t\t\t<a href='https:\/\/www.ahbvpf.pt\/?attachment_id=3485'><img loading=\"lazy\" decoding=\"async\" width=\"150\" height=\"150\" src=\"https:\/\/www.ahbvpf.pt\/wp-content\/uploads\/2015\/08\/15ago2015_4-150x150.jpg\" class=\"attachment-thumbnail size-thumbnail\" alt=\"\" \/><\/a>\n\t\t\t<\/dt><\/dl><dl class='gallery-item'>\n\t\t\t<dt class='gallery-icon landscape'>\n\t\t\t\t<a href='https:\/\/www.ahbvpf.pt\/?attachment_id=3486'><img loading=\"lazy\" decoding=\"async\" width=\"150\" height=\"150\" src=\"https:\/\/www.ahbvpf.pt\/wp-content\/uploads\/2015\/08\/15ago2015_5-150x150.jpg\" class=\"attachment-thumbnail size-thumbnail\" alt=\"\" \/><\/a>\n\t\t\t<\/dt><\/dl><dl class='gallery-item'>\n\t\t\t<dt class='gallery-icon landscape'>\n\t\t\t\t<a href='https:\/\/www.ahbvpf.pt\/?attachment_id=3487'><img loading=\"lazy\" decoding=\"async\" width=\"150\" height=\"150\" src=\"https:\/\/www.ahbvpf.pt\/wp-content\/uploads\/2015\/08\/15ago2015_6-150x150.jpg\" class=\"attachment-thumbnail size-thumbnail\" alt=\"\" \/><\/a>\n\t\t\t<\/dt><\/dl><br style=\"clear: both\" \/><dl class='gallery-item'>\n\t\t\t<dt class='gallery-icon landscape'>\n\t\t\t\t<a href='https:\/\/www.ahbvpf.pt\/?attachment_id=3488'><img loading=\"lazy\" decoding=\"async\" width=\"150\" height=\"150\" src=\"https:\/\/www.ahbvpf.pt\/wp-content\/uploads\/2015\/08\/15ago2015_7-150x150.jpg\" class=\"attachment-thumbnail size-thumbnail\" alt=\"\" \/><\/a>\n\t\t\t<\/dt><\/dl><dl class='gallery-item'>\n\t\t\t<dt class='gallery-icon landscape'>\n\t\t\t\t<a href='https:\/\/www.ahbvpf.pt\/?attachment_id=3489'><img loading=\"lazy\" decoding=\"async\" width=\"150\" height=\"150\" src=\"https:\/\/www.ahbvpf.pt\/wp-content\/uploads\/2015\/08\/15ago2015_8-150x150.jpg\" class=\"attachment-thumbnail size-thumbnail\" alt=\"\" \/><\/a>\n\t\t\t<\/dt><\/dl>\n\t\t\t<br style='clear: both' \/>\n\t\t<\/div>\n\n<\/div>\n<\/article>\n","protected":false},"excerpt":{"rendered":"<p>O Domingo come\u00e7ou da melhor forma para a Corpora\u00e7\u00e3o e, em consequente, para a comunidade pacense. Atrav\u00e9s de uma formatura geral composta por v\u00e1rios momentos que lhe damos a conhecer [&hellip;]<\/p>\n","protected":false},"author":1,"featured_media":3490,"comment_status":"closed","ping_status":"open","sticky":false,"template":"","format":"standard","meta":{"footnotes":""},"categories":[70],"tags":[],"class_list":["post-771","post","type-post","status-publish","format-standard","has-post-thumbnail","hentry","category-noticias"],"_links":{"self":[{"href":"https:\/\/www.ahbvpf.pt\/index.php?rest_route=\/wp\/v2\/posts\/771","targetHints":{"allow":["GET"]}}],"collection":[{"href":"https:\/\/www.ahbvpf.pt\/index.php?rest_route=\/wp\/v2\/posts"}],"about":[{"href":"https:\/\/www.ahbvpf.pt\/index.php?rest_route=\/wp\/v2\/types\/post"}],"author":[{"embeddable":true,"href":"https:\/\/www.ahbvpf.pt\/index.php?rest_route=\/wp\/v2\/users\/1"}],"replies":[{"embeddable":true,"href":"https:\/\/www.ahbvpf.pt\/index.php?rest_route=%2Fwp%2Fv2%2Fcomments&post=771"}],"version-history":[{"count":6,"href":"https:\/\/www.ahbvpf.pt\/index.php?rest_route=\/wp\/v2\/posts\/771\/revisions"}],"predecessor-version":[{"id":3942,"href":"https:\/\/www.ahbvpf.pt\/index.php?rest_route=\/wp\/v2\/posts\/771\/revisions\/3942"}],"wp:featuredmedia":[{"embeddable":true,"href":"https:\/\/www.ahbvpf.pt\/index.php?rest_route=\/wp\/v2\/media\/3490"}],"wp:attachment":[{"href":"https:\/\/www.ahbvpf.pt\/index.php?rest_route=%2Fwp%2Fv2%2Fmedia&parent=771"}],"wp:term":[{"taxonomy":"category","embeddable":true,"href":"https:\/\/www.ahbvpf.pt\/index.php?rest_route=%2Fwp%2Fv2%2Fcategories&post=771"},{"taxonomy":"post_tag","embeddable":true,"href":"https:\/\/www.ahbvpf.pt\/index.php?rest_route=%2Fwp%2Fv2%2Ftags&post=771"}],"curies":[{"name":"wp","href":"https:\/\/api.w.org\/{rel}","templated":true}]}}